{"id":1278,"date":"2021-08-06T20:56:14","date_gmt":"2021-08-07T01:56:14","guid":{"rendered":"https:\/\/www.ugelmoho.gob.pe\/web\/?p=1278"},"modified":"2021-08-06T20:57:31","modified_gmt":"2021-08-07T01:57:31","slug":"orientacion-y-asesoramiento-sobre-la-recepcion-y-asignacion-de-materiales-en-siagie","status":"publish","type":"post","link":"https:\/\/www.ugelmoho.gob.pe\/web\/orientacion-y-asesoramiento-sobre-la-recepcion-y-asignacion-de-materiales-en-siagie\/","title":{"rendered":"ORIENTACI\u00d3N Y ASESORAMIENTO SOBRE LA RECEPCI\u00d3N Y ASIGNACI\u00d3N DE MATERIALES EN SIAGIE"},"content":{"rendered":"\n<p><\/p>\n\n\n\n<p>Convocatoria a Directores(as) de las IIEE y Coordinadoras de PRONOEI para desarrollo de la jornada de ORIENTACI\u00d3N Y ASESORAMIENTO sobre la RECEPCI\u00d3N Y ASIGNACI\u00d3N DE MATERIALES EDUCATIVOS &#8211; SIAGIE.<\/p>\n\n\n\n<div class=\"wp-block-file\"><a href=\"https:\/\/www.ugelmoho.gob.pe\/web\/wp-content\/uploads\/2021\/08\/OFICIO_CONVOCATORIA.pdf\">OFICIO_CONVOCATORIA<\/a><a href=\"https:\/\/www.ugelmoho.gob.pe\/web\/wp-content\/uploads\/2021\/08\/OFICIO_CONVOCATORIA.pdf\" class=\"wp-block-file__button\" download>Descarga<\/a><\/div>\n\n\n\n<p>\u2022 INICIAL y PRONOEIS: martes 10 agosto de 4:00pm \u2013 6:00pm <a href=\"https:\/\/tel.meet\/ahn-bxet-fhh\">https:\/\/tel.meet\/ahn-bxet-fhh<\/a><br>\u2022 PRIMARIA; mi\u00e9rcoles 11 agosto de 4:00pm \u2013 6:00pm <a href=\"https:\/\/tel.meet\/vpr-dqyp-mjm\">https:\/\/tel.meet\/vpr-dqyp-mjm<\/a><br>\u2022 SECUNDARIA y EBA: jueves 12 agosto de 4:00pm \u2013 6:00pm <a href=\"https:\/\/tel.meet\/pxi-xpqv-hp\">https:\/\/tel.meet\/pxi-xpqv-hp<\/a><\/p>\n","protected":false},"excerpt":{"rendered":"<p>Convocatoria a Directores(as) de las IIEE y Coordinadoras de PRONOEI para desarrollo de la jornada de ORIENTACI\u00d3N Y ASESORAMIENTO sobre la RECEPCI\u00d3N Y ASIGNACI\u00d3N DE MATERIALES EDUCATIVOS &#8211; SIAGIE. \u2022 INICIAL y PRONOEIS: martes 10 agosto de 4:00pm \u2013 6:00pm https:\/\/tel.meet\/ahn-bxet-fhh\u2022 PRIMARIA; mi\u00e9rcoles 11 agosto de 4:00pm \u2013 6:00pm https:\/\/tel.meet\/vpr-dqyp-mjm\u2022 SECUNDARIA y EBA: jueves 12 [&hellip;]<\/p>\n","protected":false},"author":1,"featured_media":0,"comment_status":"closed","ping_status":"open","sticky":false,"template":"","format":"standard","meta":{"footnotes":""},"categories":[],"tags":[],"class_list":["post-1278","post","type-post","status-publish","format-standard","hentry"],"_links":{"self":[{"href":"https:\/\/www.ugelmoho.gob.pe\/web\/wp-json\/wp\/v2\/posts\/1278","targetHints":{"allow":["GET"]}}],"collection":[{"href":"https:\/\/www.ugelmoho.gob.pe\/web\/wp-json\/wp\/v2\/posts"}],"about":[{"href":"https:\/\/www.ugelmoho.gob.pe\/web\/wp-json\/wp\/v2\/types\/post"}],"author":[{"embeddable":true,"href":"https:\/\/www.ugelmoho.gob.pe\/web\/wp-json\/wp\/v2\/users\/1"}],"replies":[{"embeddable":true,"href":"https:\/\/www.ugelmoho.gob.pe\/web\/wp-json\/wp\/v2\/comments?post=1278"}],"version-history":[{"count":1,"href":"https:\/\/www.ugelmoho.gob.pe\/web\/wp-json\/wp\/v2\/posts\/1278\/revisions"}],"predecessor-version":[{"id":1280,"href":"https:\/\/www.ugelmoho.gob.pe\/web\/wp-json\/wp\/v2\/posts\/1278\/revisions\/1280"}],"wp:attachment":[{"href":"https:\/\/www.ugelmoho.gob.pe\/web\/wp-json\/wp\/v2\/media?parent=1278"}],"wp:term":[{"taxonomy":"category","embeddable":true,"href":"https:\/\/www.ugelmoho.gob.pe\/web\/wp-json\/wp\/v2\/categories?post=1278"},{"taxonomy":"post_tag","embeddable":true,"href":"https:\/\/www.ugelmoho.gob.pe\/web\/wp-json\/wp\/v2\/tags?post=1278"}],"curies":[{"name":"wp","href":"https:\/\/api.w.org\/{rel}","templated":true}]}}