{"id":2729,"date":"2022-08-02T18:25:26","date_gmt":"2022-08-02T23:25:26","guid":{"rendered":"https:\/\/www.ugelmoho.gob.pe\/web\/?p=2729"},"modified":"2022-08-02T18:25:26","modified_gmt":"2022-08-02T23:25:26","slug":"invitacion-dite-difoca-para-participar-en-taller-de-herramientas-google-e-integracion-de-recursos","status":"publish","type":"post","link":"https:\/\/www.ugelmoho.gob.pe\/web\/invitacion-dite-difoca-para-participar-en-taller-de-herramientas-google-e-integracion-de-recursos\/","title":{"rendered":"INVITACI\u00d3N DITE-DIFOCA PARA PARTICIPAR EN TALLER DE \u00abHERRAMIENTAS GOOGLE E INTEGRACI\u00d3N DE RECURSOS\u00bb"},"content":{"rendered":"\n<p>D\u00eda: Martes 2 de agosto<br>Hora: 6:00 p. m.<br><strong>Enlace del webinar<\/strong>: <a href=\"https:\/\/www.youtube.com\/watch?v=8iJX0cDGsmg\" target=\"_blank\" rel=\"noreferrer noopener\">https:\/\/www.youtube.com\/watch?v=8iJX0cDGsmg<\/a><\/p>\n\n\n\n<p>*Presentaci\u00f3n de las principales caracter\u00edsticas del programa formativo as\u00ed como la de los cursos que lo componen.<\/p>\n\n\n\n<p>Inscripciones para Especialistas en Educaci\u00f3n de DRE\/GRE y UGEL: hasta el 05 DE AGOSTO.<br><a href=\"https:\/\/acortar.link\/Capacitacion1\" target=\"_blank\" rel=\"noreferrer noopener\">https:\/\/acortar.link\/Capacitacion1<\/a><\/p>\n\n\n\n<p>Otros cursos formativos: <a href=\"http:\/\/edutalentos.pe\/cursos\/\" target=\"_blank\" rel=\"noreferrer noopener\">http:\/\/edutalentos.pe\/cursos\/<\/a><\/p>\n\n\n\n<p><strong>ENLACE DE_ INSCRIPCI\u00d3N PARA DIRECTIVOS Y DOCENTES DE II.EE.<\/strong><br><a rel=\"noreferrer noopener\" href=\"https:\/\/campusvirtual.perueduca.pe\/course\/view.php?id=313\" target=\"_blank\">https:\/\/campusvirtual.perueduca.pe\/course\/view.php?id=313<\/a><\/p>\n\n\n\n<p><a href=\"https:\/\/t.me\/+Qlw1fbJGufA3NjE5\" target=\"_blank\" rel=\"noreferrer noopener\">https:\/\/t.me\/+Qlw1fbJGufA3NjE5<\/a><\/p>\n","protected":false},"excerpt":{"rendered":"<p>D\u00eda: Martes 2 de agostoHora: 6:00 p. m.Enlace del webinar: https:\/\/www.youtube.com\/watch?v=8iJX0cDGsmg *Presentaci\u00f3n de las principales caracter\u00edsticas del programa formativo as\u00ed como la de los cursos que lo componen. Inscripciones para Especialistas en Educaci\u00f3n de DRE\/GRE y UGEL: hasta el 05 DE AGOSTO.https:\/\/acortar.link\/Capacitacion1 Otros cursos formativos: http:\/\/edutalentos.pe\/cursos\/ ENLACE DE_ INSCRIPCI\u00d3N PARA DIRECTIVOS Y DOCENTES DE II.EE.https:\/\/campusvirtual.perueduca.pe\/course\/view.php?id=313 [&hellip;]<\/p>\n","protected":false},"author":1,"featured_media":0,"comment_status":"closed","ping_status":"closed","sticky":false,"template":"","format":"standard","meta":{"footnotes":""},"categories":[],"tags":[],"class_list":["post-2729","post","type-post","status-publish","format-standard","hentry"],"_links":{"self":[{"href":"https:\/\/www.ugelmoho.gob.pe\/web\/wp-json\/wp\/v2\/posts\/2729","targetHints":{"allow":["GET"]}}],"collection":[{"href":"https:\/\/www.ugelmoho.gob.pe\/web\/wp-json\/wp\/v2\/posts"}],"about":[{"href":"https:\/\/www.ugelmoho.gob.pe\/web\/wp-json\/wp\/v2\/types\/post"}],"author":[{"embeddable":true,"href":"https:\/\/www.ugelmoho.gob.pe\/web\/wp-json\/wp\/v2\/users\/1"}],"replies":[{"embeddable":true,"href":"https:\/\/www.ugelmoho.gob.pe\/web\/wp-json\/wp\/v2\/comments?post=2729"}],"version-history":[{"count":1,"href":"https:\/\/www.ugelmoho.gob.pe\/web\/wp-json\/wp\/v2\/posts\/2729\/revisions"}],"predecessor-version":[{"id":2732,"href":"https:\/\/www.ugelmoho.gob.pe\/web\/wp-json\/wp\/v2\/posts\/2729\/revisions\/2732"}],"wp:attachment":[{"href":"https:\/\/www.ugelmoho.gob.pe\/web\/wp-json\/wp\/v2\/media?parent=2729"}],"wp:term":[{"taxonomy":"category","embeddable":true,"href":"https:\/\/www.ugelmoho.gob.pe\/web\/wp-json\/wp\/v2\/categories?post=2729"},{"taxonomy":"post_tag","embeddable":true,"href":"https:\/\/www.ugelmoho.gob.pe\/web\/wp-json\/wp\/v2\/tags?post=2729"}],"curies":[{"name":"wp","href":"https:\/\/api.w.org\/{rel}","templated":true}]}}