{"id":2801,"date":"2022-09-12T09:06:00","date_gmt":"2022-09-12T14:06:00","guid":{"rendered":"https:\/\/www.ugelmoho.gob.pe\/web\/?p=2801"},"modified":"2022-09-12T15:39:49","modified_gmt":"2022-09-12T20:39:49","slug":"12-de-agosto-cierre-de-inscripciones-premio-nacional-de-narrativa-y-ensayo-jose-maria-arguedas","status":"publish","type":"post","link":"https:\/\/www.ugelmoho.gob.pe\/web\/12-de-agosto-cierre-de-inscripciones-premio-nacional-de-narrativa-y-ensayo-jose-maria-arguedas\/","title":{"rendered":"RESULTADO FINAL DEL CONCURSO PREMIO NACIONAL DE NARRATIVA Y ENSAYO \u00abJOS\u00c9 MAR\u00cdA ARGUEDAS\u00bb"},"content":{"rendered":"\n<p>\u00a1Que no se te pase!&nbsp;<img loading=\"lazy\" decoding=\"async\" height=\"16\" width=\"16\" alt=\"\ud83d\udce3\" src=\"https:\/\/static.xx.fbcdn.net\/images\/emoji.php\/v9\/tba\/1\/16\/1f4e3.png\">&nbsp;Demuestra tu talento creando y mostrando tu propia historia basada en las obras de Jos\u00e9 Mar\u00eda Arguedas.<\/p>\n\n\n\n<p>Quedan pocos d\u00edas para inscribir a tu IE y participar en el Premio Nacional de Narrativa y Ensayo Jos\u00e9 Mar\u00eda Arguedas 2022.<\/p>\n\n\n\n<p><img loading=\"lazy\" decoding=\"async\" height=\"16\" width=\"16\" alt=\"\ud83d\uddd3\" src=\"https:\/\/static.xx.fbcdn.net\/images\/emoji.php\/v9\/t5c\/1\/16\/1f5d3.png\">\u00a0Cierre de inscripciones: 12 de agosto.<br><img loading=\"lazy\" decoding=\"async\" height=\"16\" width=\"16\" alt=\"\u27a1\" src=\"https:\/\/static.xx.fbcdn.net\/images\/emoji.php\/v9\/t9e\/1\/16\/27a1.png\">Conoce m\u00e1s aqu\u00ed:\u00a0<a rel=\"noreferrer noopener\" href=\"https:\/\/www.minedu.gob.pe\/jma\/index.php?fbclid=IwAR1lZD1bZ0x7hkJfnZ_t-OIBxH5zgS6V0TURMFfMr0UVMd-lDmw7etHqyrs\" target=\"_blank\">https:\/\/www.minedu.gob.pe\/jma\/index.php<\/a><\/p>\n\n\n\n<div class=\"wp-block-file\"><a href=\"https:\/\/www.ugelmoho.gob.pe\/web\/wp-content\/uploads\/2022\/09\/RESULTADO-FINAL-JMA-2-1-1.pdf\">RESULTADO FINAL Jos\u00e9 Mar\u00eda Arguedas <\/a><a href=\"https:\/\/www.ugelmoho.gob.pe\/web\/wp-content\/uploads\/2022\/09\/RESULTADO-FINAL-JMA-2-1-1.pdf\" class=\"wp-block-file__button\" download>Descarga<\/a><\/div>\n\n\n\n<p><\/p>\n\n\n\n<p><\/p>\n","protected":false},"excerpt":{"rendered":"<p>\u00a1Que no se te pase!&nbsp;&nbsp;Demuestra tu talento creando y mostrando tu propia historia basada en las obras de Jos\u00e9 Mar\u00eda Arguedas. Quedan pocos d\u00edas para inscribir a tu IE y participar en el Premio Nacional de Narrativa y Ensayo Jos\u00e9 Mar\u00eda Arguedas 2022. \u00a0Cierre de inscripciones: 12 de agosto.Conoce m\u00e1s aqu\u00ed:\u00a0https:\/\/www.minedu.gob.pe\/jma\/index.php<\/p>\n","protected":false},"author":1,"featured_media":0,"comment_status":"closed","ping_status":"closed","sticky":false,"template":"","format":"standard","meta":{"footnotes":""},"categories":[],"tags":[],"class_list":["post-2801","post","type-post","status-publish","format-standard","hentry"],"_links":{"self":[{"href":"https:\/\/www.ugelmoho.gob.pe\/web\/wp-json\/wp\/v2\/posts\/2801","targetHints":{"allow":["GET"]}}],"collection":[{"href":"https:\/\/www.ugelmoho.gob.pe\/web\/wp-json\/wp\/v2\/posts"}],"about":[{"href":"https:\/\/www.ugelmoho.gob.pe\/web\/wp-json\/wp\/v2\/types\/post"}],"author":[{"embeddable":true,"href":"https:\/\/www.ugelmoho.gob.pe\/web\/wp-json\/wp\/v2\/users\/1"}],"replies":[{"embeddable":true,"href":"https:\/\/www.ugelmoho.gob.pe\/web\/wp-json\/wp\/v2\/comments?post=2801"}],"version-history":[{"count":7,"href":"https:\/\/www.ugelmoho.gob.pe\/web\/wp-json\/wp\/v2\/posts\/2801\/revisions"}],"predecessor-version":[{"id":2912,"href":"https:\/\/www.ugelmoho.gob.pe\/web\/wp-json\/wp\/v2\/posts\/2801\/revisions\/2912"}],"wp:attachment":[{"href":"https:\/\/www.ugelmoho.gob.pe\/web\/wp-json\/wp\/v2\/media?parent=2801"}],"wp:term":[{"taxonomy":"category","embeddable":true,"href":"https:\/\/www.ugelmoho.gob.pe\/web\/wp-json\/wp\/v2\/categories?post=2801"},{"taxonomy":"post_tag","embeddable":true,"href":"https:\/\/www.ugelmoho.gob.pe\/web\/wp-json\/wp\/v2\/tags?post=2801"}],"curies":[{"name":"wp","href":"https:\/\/api.w.org\/{rel}","templated":true}]}}