{"id":3029,"date":"2022-10-18T09:56:40","date_gmt":"2022-10-18T14:56:40","guid":{"rendered":"https:\/\/www.ugelmoho.gob.pe\/web\/?p=3029"},"modified":"2022-10-18T09:56:40","modified_gmt":"2022-10-18T14:56:40","slug":"actividades-por-el-mes-de-la-salud-mental","status":"publish","type":"post","link":"https:\/\/www.ugelmoho.gob.pe\/web\/actividades-por-el-mes-de-la-salud-mental\/","title":{"rendered":"ACTIVIDADES POR EL MES DE LA SALUD MENTAL"},"content":{"rendered":"\n<p>\ud835\udc08 \ud835\udc02\ud835\udc0e\ud835\udc0d\ud835\udc02\ud835\udc14\ud835\udc11\ud835\udc12\ud835\udc0e \ud835\udc15\ud835\udc08\ud835\udc11\ud835\udc13\ud835\udc14\ud835\udc00\ud835\udc0b \ud835\udc03\ud835\udc04 \ud835\udc05\ud835\udc0b\ud835\udc00\ud835\udc12\ud835\udc07\ud835\udc0c\ud835\udc0e\ud835\udc01 <\/p>\n\n\n\n<p><img loading=\"lazy\" decoding=\"async\" height=\"16\" width=\"16\" alt=\"\ud83d\udd34\" src=\"https:\/\/static.xx.fbcdn.net\/images\/emoji.php\/v9\/t6e\/1\/16\/1f534.png\"><a href=\"https:\/\/www.facebook.com\/hashtag\/atenci%C3%B3n?__eep__=6&amp;__cft__[0]=AZXSQxj1dfTZHPblKV8YubfOU84hbkEJVWp7FFK021HRQUDAx0oKMcWAwCnFUBySpEUUq0FVrYSXNiysazQnPXM28atrSyzXlI1MKS-BXg6NXC0exVIJ3di3e4TYmqriyNEAcIHzSUlKZos9K_LDPtI7&amp;__tn__=*NK-R\">#Atenci\u00f3n<\/a> El Video producido ser\u00e1 subido mediante el siguiente link:<a rel=\"noreferrer noopener\" href=\"https:\/\/forms.gle\/y1Q64MhD8Eu24Det7?fbclid=IwAR2IZN0xg4mYgvBkPHNkC1gDFKIpyii1yEF2RseGs7DSOnPL3_SFf691ChE\" target=\"_blank\"> https:\/\/forms.gle\/y1Q64MhD8Eu24Det<\/a>7 <\/p>\n\n\n\n<div class=\"wp-block-file\"><a href=\"https:\/\/www.ugelmoho.gob.pe\/web\/wp-content\/uploads\/2022\/10\/OFICIO-MULTIPLE-N\u00b0-086-2022..pdf\">OFICIO M\u00daLTIPLE N\u00b0 086-2022 : INVITA A CONCURSO <\/a><a href=\"https:\/\/www.ugelmoho.gob.pe\/web\/wp-content\/uploads\/2022\/10\/OFICIO-MULTIPLE-N\u00b0-086-2022..pdf\" class=\"wp-block-file__button\" download>Descarga<\/a><\/div>\n\n\n\n<p>\ud835\udc0f\ud835\udc00\ud835\udc12\ud835\udc00\ud835\udc02\ud835\udc00\ud835\udc0b\ud835\udc0b\ud835\udc04 \ud835\udc0f\ud835\udc0e\ud835\udc11 \ud835\udc04\ud835\udc0b \ud835\udc0c\ud835\udc04\ud835\udc12 \ud835\udc03\ud835\udc04 \ud835\udc0b\ud835\udc00 \ud835\udc12\ud835\udc00\ud835\udc0b\ud835\udc14\ud835\udc03 \ud835\udc0c\ud835\udc04\ud835\udc0d\ud835\udc13\ud835\udc00\ud835\udc0b<\/p>\n\n\n\n<p>En un trabajo conjunto del equipo Equipo multidisciplinario y multisectorial de la Micro red Moho se realizar\u00e1 el pasacalle el d\u00eda jueves 27 de octubre de 2022.<\/p>\n\n\n\n<p>En los Distritos CONIMA, TILALI Y HUARAYPATA se concentraci\u00f3n ser\u00e1 en la Plaza de Armas de cada distrito en menci\u00f3n previa coordinaci\u00f3n con los Puestos de Salud.<\/p>\n\n\n\n<div class=\"wp-block-file\"><a href=\"https:\/\/www.ugelmoho.gob.pe\/web\/wp-content\/uploads\/2022\/10\/OFICIO-MULTIPLE-N\u00b0-087-2022..pdf\">OFICIO-MULTIPLE-N\u00b0-087-2022 : PASACALLE<\/a><a href=\"https:\/\/www.ugelmoho.gob.pe\/web\/wp-content\/uploads\/2022\/10\/OFICIO-MULTIPLE-N\u00b0-087-2022..pdf\" class=\"wp-block-file__button\" download>Descarga<\/a><\/div>\n","protected":false},"excerpt":{"rendered":"<p>\ud835\udc08 \ud835\udc02\ud835\udc0e\ud835\udc0d\ud835\udc02\ud835\udc14\ud835\udc11\ud835\udc12\ud835\udc0e \ud835\udc15\ud835\udc08\ud835\udc11\ud835\udc13\ud835\udc14\ud835\udc00\ud835\udc0b \ud835\udc03\ud835\udc04 \ud835\udc05\ud835\udc0b\ud835\udc00\ud835\udc12\ud835\udc07\ud835\udc0c\ud835\udc0e\ud835\udc01 #Atenci\u00f3n El Video producido ser\u00e1 subido mediante el siguiente link: https:\/\/forms.gle\/y1Q64MhD8Eu24Det7 \ud835\udc0f\ud835\udc00\ud835\udc12\ud835\udc00\ud835\udc02\ud835\udc00\ud835\udc0b\ud835\udc0b\ud835\udc04 \ud835\udc0f\ud835\udc0e\ud835\udc11 \ud835\udc04\ud835\udc0b \ud835\udc0c\ud835\udc04\ud835\udc12 \ud835\udc03\ud835\udc04 \ud835\udc0b\ud835\udc00 \ud835\udc12\ud835\udc00\ud835\udc0b\ud835\udc14\ud835\udc03 \ud835\udc0c\ud835\udc04\ud835\udc0d\ud835\udc13\ud835\udc00\ud835\udc0b En un trabajo conjunto del equipo Equipo multidisciplinario y multisectorial de la Micro red Moho se realizar\u00e1 el pasacalle el d\u00eda jueves 27 de octubre de 2022. En los Distritos CONIMA, [&hellip;]<\/p>\n","protected":false},"author":1,"featured_media":0,"comment_status":"closed","ping_status":"closed","sticky":false,"template":"","format":"standard","meta":{"footnotes":""},"categories":[],"tags":[],"class_list":["post-3029","post","type-post","status-publish","format-standard","hentry"],"_links":{"self":[{"href":"https:\/\/www.ugelmoho.gob.pe\/web\/wp-json\/wp\/v2\/posts\/3029","targetHints":{"allow":["GET"]}}],"collection":[{"href":"https:\/\/www.ugelmoho.gob.pe\/web\/wp-json\/wp\/v2\/posts"}],"about":[{"href":"https:\/\/www.ugelmoho.gob.pe\/web\/wp-json\/wp\/v2\/types\/post"}],"author":[{"embeddable":true,"href":"https:\/\/www.ugelmoho.gob.pe\/web\/wp-json\/wp\/v2\/users\/1"}],"replies":[{"embeddable":true,"href":"https:\/\/www.ugelmoho.gob.pe\/web\/wp-json\/wp\/v2\/comments?post=3029"}],"version-history":[{"count":2,"href":"https:\/\/www.ugelmoho.gob.pe\/web\/wp-json\/wp\/v2\/posts\/3029\/revisions"}],"predecessor-version":[{"id":3037,"href":"https:\/\/www.ugelmoho.gob.pe\/web\/wp-json\/wp\/v2\/posts\/3029\/revisions\/3037"}],"wp:attachment":[{"href":"https:\/\/www.ugelmoho.gob.pe\/web\/wp-json\/wp\/v2\/media?parent=3029"}],"wp:term":[{"taxonomy":"category","embeddable":true,"href":"https:\/\/www.ugelmoho.gob.pe\/web\/wp-json\/wp\/v2\/categories?post=3029"},{"taxonomy":"post_tag","embeddable":true,"href":"https:\/\/www.ugelmoho.gob.pe\/web\/wp-json\/wp\/v2\/tags?post=3029"}],"curies":[{"name":"wp","href":"https:\/\/api.w.org\/{rel}","templated":true}]}}