{"id":4084,"date":"2023-07-26T16:06:53","date_gmt":"2023-07-26T21:06:53","guid":{"rendered":"https:\/\/ugelmoho.gob.pe\/web\/?p=4084"},"modified":"2023-07-31T18:03:59","modified_gmt":"2023-07-31T23:03:59","slug":"comunicado-6","status":"publish","type":"post","link":"https:\/\/www.ugelmoho.gob.pe\/web\/comunicado-6\/","title":{"rendered":"COMUNICADO"},"content":{"rendered":"\n<p><strong>Se COMUNICA a los docentes que ser\u00e1n evaluados en lenguas originarias (aimara y quechua) de la UGEL MOHO, que:<\/strong><\/p>\n\n\n\n<p>\u2022<strong>EVALUACI\u00d3N ORAL se llevar\u00e1 el d\u00eda MARTES 1 DE AGOSTO.<\/strong><\/p>\n\n\n\n<p>\u2022<strong>EVALUACION ESCRITA el d\u00eda VIERNES 4 DE AGOSTO.<\/strong><\/p>\n\n\n\n<p><strong>LOCA<\/strong><strong>L<\/strong><strong>: IES. JOS\u00c9 ABELARDO QUI\u00d1ONES GONZALES \u2013 MOHO.<\/strong><\/p>\n\n\n\n<p><strong>HORA:<\/strong><strong> <\/strong><strong>Ingreso 8:00 am. <\/strong><strong>a<\/strong><strong> 9:00 am.<\/strong><\/p>\n\n\n\n<p><strong>NOTA:<\/strong><strong> <\/strong><strong>TRAER<\/strong><strong> <\/strong><strong>DNI<\/strong><strong> <\/strong><strong>ORIGINA<\/strong><strong>L<\/strong><\/p>\n\n\n\n<div data-wp-interactive=\"core\/file\" class=\"wp-block-file\"><object data-wp-bind--hidden=\"!state.hasPdfPreview\" hidden class=\"wp-block-file__embed\" data=\"https:\/\/ugelmoho.gob.pe\/web\/wp-content\/uploads\/2023\/07\/RELACION-DE-INSCRITOS-PARA-EDLO-2023.pdf\" type=\"application\/pdf\" style=\"width:100%;height:600px\" aria-label=\"Incrustado de RELACION-DE-INSCRITOS-PARA-EDLO-2023.\"><\/object><a id=\"wp-block-file--media-5d9bfdf2-eaed-45e7-9e47-90af60636ee4\" href=\"https:\/\/ugelmoho.gob.pe\/web\/wp-content\/uploads\/2023\/07\/RELACION-DE-INSCRITOS-PARA-EDLO-2023.pdf\">RELACION-DE-INSCRITOS-PARA-EDLO-2023<\/a><a href=\"https:\/\/ugelmoho.gob.pe\/web\/wp-content\/uploads\/2023\/07\/RELACION-DE-INSCRITOS-PARA-EDLO-2023.pdf\" class=\"wp-block-file__button wp-element-button\" download aria-describedby=\"wp-block-file--media-5d9bfdf2-eaed-45e7-9e47-90af60636ee4\">Descarga<\/a><\/div>\n","protected":false},"excerpt":{"rendered":"<p>Se COMUNICA a los docentes que ser\u00e1n evaluados en lenguas originarias (aimara y quechua) de la UGEL MOHO, que: \u2022EVALUACI\u00d3N ORAL se llevar\u00e1 el d\u00eda MARTES 1 DE AGOSTO. \u2022EVALUACION ESCRITA el d\u00eda VIERNES 4 DE AGOSTO. LOCAL: IES. JOS\u00c9 ABELARDO QUI\u00d1ONES GONZALES \u2013 MOHO. HORA: Ingreso 8:00 am. a 9:00 am. NOTA: TRAER DNI [&hellip;]<\/p>\n","protected":false},"author":1,"featured_media":0,"comment_status":"closed","ping_status":"","sticky":false,"template":"","format":"standard","meta":{"footnotes":""},"categories":[],"tags":[],"class_list":["post-4084","post","type-post","status-publish","format-standard","hentry"],"_links":{"self":[{"href":"https:\/\/www.ugelmoho.gob.pe\/web\/wp-json\/wp\/v2\/posts\/4084","targetHints":{"allow":["GET"]}}],"collection":[{"href":"https:\/\/www.ugelmoho.gob.pe\/web\/wp-json\/wp\/v2\/posts"}],"about":[{"href":"https:\/\/www.ugelmoho.gob.pe\/web\/wp-json\/wp\/v2\/types\/post"}],"author":[{"embeddable":true,"href":"https:\/\/www.ugelmoho.gob.pe\/web\/wp-json\/wp\/v2\/users\/1"}],"replies":[{"embeddable":true,"href":"https:\/\/www.ugelmoho.gob.pe\/web\/wp-json\/wp\/v2\/comments?post=4084"}],"version-history":[{"count":2,"href":"https:\/\/www.ugelmoho.gob.pe\/web\/wp-json\/wp\/v2\/posts\/4084\/revisions"}],"predecessor-version":[{"id":4094,"href":"https:\/\/www.ugelmoho.gob.pe\/web\/wp-json\/wp\/v2\/posts\/4084\/revisions\/4094"}],"wp:attachment":[{"href":"https:\/\/www.ugelmoho.gob.pe\/web\/wp-json\/wp\/v2\/media?parent=4084"}],"wp:term":[{"taxonomy":"category","embeddable":true,"href":"https:\/\/www.ugelmoho.gob.pe\/web\/wp-json\/wp\/v2\/categories?post=4084"},{"taxonomy":"post_tag","embeddable":true,"href":"https:\/\/www.ugelmoho.gob.pe\/web\/wp-json\/wp\/v2\/tags?post=4084"}],"curies":[{"name":"wp","href":"https:\/\/api.w.org\/{rel}","templated":true}]}}